{"id":1399,"date":"2021-03-31T07:06:41","date_gmt":"2021-03-31T07:06:41","guid":{"rendered":"https:\/\/boutique-brochet.ch\/?p=1399"},"modified":"2021-03-31T07:06:42","modified_gmt":"2021-03-31T07:06:42","slug":"neue-sommerhosen-2021","status":"publish","type":"post","link":"https:\/\/boutique-brochet.ch\/?p=1399","title":{"rendered":"Neue Sommerhosen 2021"},"content":{"rendered":"\n<figure class=\"wp-block-image size-large\"><img loading=\"lazy\" decoding=\"async\" width=\"1024\" height=\"346\" src=\"https:\/\/boutique-brochet.ch\/wp-content\/uploads\/2021\/03\/Cambio-neue-Hosen-Mar2021-1024x346.jpg\" alt=\"\" class=\"wp-image-1398\" srcset=\"https:\/\/boutique-brochet.ch\/wp-content\/uploads\/2021\/03\/Cambio-neue-Hosen-Mar2021-1024x346.jpg 1024w, https:\/\/boutique-brochet.ch\/wp-content\/uploads\/2021\/03\/Cambio-neue-Hosen-Mar2021-300x101.jpg 300w, https:\/\/boutique-brochet.ch\/wp-content\/uploads\/2021\/03\/Cambio-neue-Hosen-Mar2021-768x260.jpg 768w, https:\/\/boutique-brochet.ch\/wp-content\/uploads\/2021\/03\/Cambio-neue-Hosen-Mar2021-1536x519.jpg 1536w, https:\/\/boutique-brochet.ch\/wp-content\/uploads\/2021\/03\/Cambio-neue-Hosen-Mar2021-2048x692.jpg 2048w, https:\/\/boutique-brochet.ch\/wp-content\/uploads\/2021\/03\/Cambio-neue-Hosen-Mar2021-416x141.jpg 416w\" sizes=\"(max-width: 1024px) 100vw, 1024px\" \/><figcaption>neue Sommerhosen von Cambio<\/figcaption><\/figure>\n\n\n\n<p>endlich sind ein Teil der neuen Sommerhosen von Cambio eingetroffen. Jeans mit Leo Print in hellgrau auf weiss, zartes rosa und nachhaltige Jeans in hellem Sand Ton, mit Stoffg\u00fcrtel &#8222;There is no Planet B&#8220;. Ab sofort bei uns in der Boutique oder im eShop erh\u00e4ltlich, in der Boutique noch bis Ende M\u00e4rz 2021 mit 10 % Rabatt auf alle Neuheiten.<\/p>\n","protected":false},"excerpt":{"rendered":"<p>endlich sind ein Teil der neuen Sommerhosen von Cambio eingetroffen. Jeans mit Leo Print in hellgrau auf weiss, zartes rosa und nachhaltige Jeans in hellem Sand Ton, mit Stoffg\u00fcrtel &#8222;There is no Planet B&#8220;. Ab sofort bei uns in der Boutique oder im eShop erh\u00e4ltlich, in der Boutique noch bis Ende M\u00e4rz 2021 mit 10 [&hellip;]<\/p>\n","protected":false},"author":1,"featured_media":0,"comment_status":"open","ping_status":"open","sticky":false,"template":"","format":"standard","meta":{"footnotes":""},"categories":[1],"tags":[],"class_list":["post-1399","post","type-post","status-publish","format-standard","hentry","category-news"],"jetpack_featured_media_url":"","yoast_head":"<!-- This site is optimized with the Yoast SEO plugin v15.5 - https:\/\/yoast.com\/wordpress\/plugins\/seo\/ -->\n<title>Neue Sommerhosen 2021 - Boutique Brochet Walk-in Wardrobe<\/title>\n<meta name=\"robots\" content=\"index, follow, max-snippet:-1, max-image-preview:large, max-video-preview:-1\" \/>\n<link rel=\"canonical\" href=\"https:\/\/boutique-brochet.ch\/?p=1399\" \/>\n<meta property=\"og:locale\" content=\"de_DE\" \/>\n<meta property=\"og:type\" content=\"article\" \/>\n<meta property=\"og:title\" content=\"Neue Sommerhosen 2021 - Boutique Brochet Walk-in Wardrobe\" \/>\n<meta property=\"og:description\" content=\"endlich sind ein Teil der neuen Sommerhosen von Cambio eingetroffen. Jeans mit Leo Print in hellgrau auf weiss, zartes rosa und nachhaltige Jeans in hellem Sand Ton, mit Stoffg\u00fcrtel &#8222;There is no Planet B&#8220;. Ab sofort bei uns in der Boutique oder im eShop erh\u00e4ltlich, in der Boutique noch bis Ende M\u00e4rz 2021 mit 10 [&hellip;]\" \/>\n<meta property=\"og:url\" content=\"https:\/\/boutique-brochet.ch\/?p=1399\" \/>\n<meta property=\"og:site_name\" content=\"Boutique Brochet Walk-in Wardrobe\" \/>\n<meta property=\"article:published_time\" content=\"2021-03-31T07:06:41+00:00\" \/>\n<meta property=\"article:modified_time\" content=\"2021-03-31T07:06:42+00:00\" \/>\n<meta property=\"og:image\" content=\"https:\/\/boutique-brochet.ch\/wp-content\/uploads\/2021\/03\/Cambio-neue-Hosen-Mar2021-1024x346.jpg\" \/>\n<meta name=\"twitter:card\" content=\"summary_large_image\" \/>\n<meta name=\"twitter:label1\" content=\"Gesch\u00e4tzte Lesezeit\">\n\t<meta name=\"twitter:data1\" content=\"0\u00a0Minuten\">\n<script type=\"application\/ld+json\" class=\"yoast-schema-graph\">{\"@context\":\"https:\/\/schema.org\",\"@graph\":[{\"@type\":\"WebSite\",\"@id\":\"https:\/\/boutique-brochet.ch\/#website\",\"url\":\"https:\/\/boutique-brochet.ch\/\",\"name\":\"Boutique Brochet Walk-in Wardrobe\",\"description\":\"vom Hechtplatz zum Klusplatz - info(at)boutique-brochet.ch\",\"potentialAction\":[{\"@type\":\"SearchAction\",\"target\":\"https:\/\/boutique-brochet.ch\/?s={search_term_string}\",\"query-input\":\"required name=search_term_string\"}],\"inLanguage\":\"de\"},{\"@type\":\"ImageObject\",\"@id\":\"https:\/\/boutique-brochet.ch\/?p=1399#primaryimage\",\"inLanguage\":\"de\",\"url\":\"https:\/\/boutique-brochet.ch\/wp-content\/uploads\/2021\/03\/Cambio-neue-Hosen-Mar2021-1024x346.jpg\"},{\"@type\":\"WebPage\",\"@id\":\"https:\/\/boutique-brochet.ch\/?p=1399#webpage\",\"url\":\"https:\/\/boutique-brochet.ch\/?p=1399\",\"name\":\"Neue Sommerhosen 2021 - Boutique Brochet Walk-in Wardrobe\",\"isPartOf\":{\"@id\":\"https:\/\/boutique-brochet.ch\/#website\"},\"primaryImageOfPage\":{\"@id\":\"https:\/\/boutique-brochet.ch\/?p=1399#primaryimage\"},\"datePublished\":\"2021-03-31T07:06:41+00:00\",\"dateModified\":\"2021-03-31T07:06:42+00:00\",\"author\":{\"@id\":\"https:\/\/boutique-brochet.ch\/#\/schema\/person\/67ec350bed6af06cedd6ce8855784d16\"},\"inLanguage\":\"de\",\"potentialAction\":[{\"@type\":\"ReadAction\",\"target\":[\"https:\/\/boutique-brochet.ch\/?p=1399\"]}]},{\"@type\":\"Person\",\"@id\":\"https:\/\/boutique-brochet.ch\/#\/schema\/person\/67ec350bed6af06cedd6ce8855784d16\",\"name\":\"admin\",\"image\":{\"@type\":\"ImageObject\",\"@id\":\"https:\/\/boutique-brochet.ch\/#personlogo\",\"inLanguage\":\"de\",\"url\":\"https:\/\/secure.gravatar.com\/avatar\/eafbd83b9328a38dae710fd8f1092e31?s=96&d=mm&r=g\",\"caption\":\"admin\"},\"sameAs\":[\"https:\/\/boutique-brochet.ch\"]}]}<\/script>\n<!-- \/ Yoast SEO plugin. -->","_links":{"self":[{"href":"https:\/\/boutique-brochet.ch\/index.php?rest_route=\/wp\/v2\/posts\/1399"}],"collection":[{"href":"https:\/\/boutique-brochet.ch\/index.php?rest_route=\/wp\/v2\/posts"}],"about":[{"href":"https:\/\/boutique-brochet.ch\/index.php?rest_route=\/wp\/v2\/types\/post"}],"author":[{"embeddable":true,"href":"https:\/\/boutique-brochet.ch\/index.php?rest_route=\/wp\/v2\/users\/1"}],"replies":[{"embeddable":true,"href":"https:\/\/boutique-brochet.ch\/index.php?rest_route=%2Fwp%2Fv2%2Fcomments&post=1399"}],"version-history":[{"count":1,"href":"https:\/\/boutique-brochet.ch\/index.php?rest_route=\/wp\/v2\/posts\/1399\/revisions"}],"predecessor-version":[{"id":1400,"href":"https:\/\/boutique-brochet.ch\/index.php?rest_route=\/wp\/v2\/posts\/1399\/revisions\/1400"}],"wp:attachment":[{"href":"https:\/\/boutique-brochet.ch\/index.php?rest_route=%2Fwp%2Fv2%2Fmedia&parent=1399"}],"wp:term":[{"taxonomy":"category","embeddable":true,"href":"https:\/\/boutique-brochet.ch\/index.php?rest_route=%2Fwp%2Fv2%2Fcategories&post=1399"},{"taxonomy":"post_tag","embeddable":true,"href":"https:\/\/boutique-brochet.ch\/index.php?rest_route=%2Fwp%2Fv2%2Ftags&post=1399"}],"curies":[{"name":"wp","href":"https:\/\/api.w.org\/{rel}","templated":true}]}}