{"id":8390,"date":"2022-04-15T05:26:52","date_gmt":"2022-04-15T05:26:52","guid":{"rendered":"https:\/\/boutique-brochet.ch\/?p=8390"},"modified":"2022-04-15T05:26:54","modified_gmt":"2022-04-15T05:26:54","slug":"wir-wuenschen-friedliche-ostern-%f0%9f%90%a3","status":"publish","type":"post","link":"https:\/\/boutique-brochet.ch\/?p=8390","title":{"rendered":"Wir w\u00fcnschen friedliche Ostern \ud83d\udc23"},"content":{"rendered":"\n<p>Nutzen Sie die einmaligen M\u00f6glichkeiten, die ein kleines, vom Inhaber selbst gef\u00fchrtes Unternehmen bietet: fragen Sie nach, wenn Sie etwas besonderes Suchen, vielleicht ist es bei der n\u00e4chsten Bestellsaison zu finden.<\/p>\n\n\n\n<p>Bei unseren kleineren Labels k\u00f6nnen auch Sonderw\u00fcnsche in Auftrag gegeben werden. Das Basler Label Kleinbasel von Tanja Klein fertigt zum Beispiel Lederg\u00fcrtel und Taschen auf Bestellung auch in einer anderen Farbe aus deren Sortiment.<\/p>\n\n\n\n<p> Fehlende Gr\u00f6ssen zum Beispiel bei Hosen, Shirts oder Blusen bestellen wir nach, sofern beim Lieferanten noch verf\u00fcgbar. Im Bild in der Mitte: besondere\u00a0Seidenbluse mit H\u00fchner und Osterei bunt bedruckt von B.M.-Company &#8211; f\u00fcr Sie gesehen, auf Bestellung erh\u00e4ltlich.<\/p>\n","protected":false},"excerpt":{"rendered":"<p>Nutzen Sie die einmaligen M\u00f6glichkeiten, die ein kleines, vom Inhaber selbst gef\u00fchrtes Unternehmen bietet: fragen Sie nach, wenn Sie etwas besonderes Suchen, vielleicht ist es bei der n\u00e4chsten Bestellsaison zu finden. Bei unseren kleineren Labels k\u00f6nnen auch Sonderw\u00fcnsche in Auftrag gegeben werden. Das Basler Label Kleinbasel von Tanja Klein fertigt zum Beispiel Lederg\u00fcrtel und Taschen [&hellip;]<\/p>\n","protected":false},"author":1,"featured_media":8391,"comment_status":"open","ping_status":"open","sticky":false,"template":"","format":"standard","meta":{"footnotes":""},"categories":[1],"tags":[],"class_list":["post-8390","post","type-post","status-publish","format-standard","has-post-thumbnail","hentry","category-news"],"jetpack_featured_media_url":"https:\/\/boutique-brochet.ch\/wp-content\/uploads\/2022\/04\/90AC2C6B-527B-4F7B-B8F5-D050C2D186FB.jpeg","yoast_head":"<!-- This site is optimized with the Yoast SEO plugin v15.5 - https:\/\/yoast.com\/wordpress\/plugins\/seo\/ -->\n<title>Wir w\u00fcnschen friedliche Ostern \ud83d\udc23 - Boutique Brochet Walk-in Wardrobe<\/title>\n<meta name=\"robots\" content=\"index, follow, max-snippet:-1, max-image-preview:large, max-video-preview:-1\" \/>\n<link rel=\"canonical\" href=\"https:\/\/boutique-brochet.ch\/?p=8390\" \/>\n<meta property=\"og:locale\" content=\"de_DE\" \/>\n<meta property=\"og:type\" content=\"article\" \/>\n<meta property=\"og:title\" content=\"Wir w\u00fcnschen friedliche Ostern \ud83d\udc23 - Boutique Brochet Walk-in Wardrobe\" \/>\n<meta property=\"og:description\" content=\"Nutzen Sie die einmaligen M\u00f6glichkeiten, die ein kleines, vom Inhaber selbst gef\u00fchrtes Unternehmen bietet: fragen Sie nach, wenn Sie etwas besonderes Suchen, vielleicht ist es bei der n\u00e4chsten Bestellsaison zu finden. Bei unseren kleineren Labels k\u00f6nnen auch Sonderw\u00fcnsche in Auftrag gegeben werden. Das Basler Label Kleinbasel von Tanja Klein fertigt zum Beispiel Lederg\u00fcrtel und Taschen [&hellip;]\" \/>\n<meta property=\"og:url\" content=\"https:\/\/boutique-brochet.ch\/?p=8390\" \/>\n<meta property=\"og:site_name\" content=\"Boutique Brochet Walk-in Wardrobe\" \/>\n<meta property=\"article:published_time\" content=\"2022-04-15T05:26:52+00:00\" \/>\n<meta property=\"article:modified_time\" content=\"2022-04-15T05:26:54+00:00\" \/>\n<meta property=\"og:image\" content=\"https:\/\/boutique-brochet.ch\/wp-content\/uploads\/2022\/04\/90AC2C6B-527B-4F7B-B8F5-D050C2D186FB.jpeg\" \/>\n\t<meta property=\"og:image:width\" content=\"1132\" \/>\n\t<meta property=\"og:image:height\" content=\"377\" \/>\n<meta name=\"twitter:card\" content=\"summary_large_image\" \/>\n<meta name=\"twitter:label1\" content=\"Gesch\u00e4tzte Lesezeit\">\n\t<meta name=\"twitter:data1\" content=\"0\u00a0Minuten\">\n<script type=\"application\/ld+json\" class=\"yoast-schema-graph\">{\"@context\":\"https:\/\/schema.org\",\"@graph\":[{\"@type\":\"WebSite\",\"@id\":\"https:\/\/boutique-brochet.ch\/#website\",\"url\":\"https:\/\/boutique-brochet.ch\/\",\"name\":\"Boutique Brochet Walk-in Wardrobe\",\"description\":\"vom Hechtplatz zum Klusplatz - info(at)boutique-brochet.ch\",\"potentialAction\":[{\"@type\":\"SearchAction\",\"target\":\"https:\/\/boutique-brochet.ch\/?s={search_term_string}\",\"query-input\":\"required name=search_term_string\"}],\"inLanguage\":\"de\"},{\"@type\":\"ImageObject\",\"@id\":\"https:\/\/boutique-brochet.ch\/?p=8390#primaryimage\",\"inLanguage\":\"de\",\"url\":\"https:\/\/boutique-brochet.ch\/wp-content\/uploads\/2022\/04\/90AC2C6B-527B-4F7B-B8F5-D050C2D186FB.jpeg\",\"width\":1132,\"height\":377},{\"@type\":\"WebPage\",\"@id\":\"https:\/\/boutique-brochet.ch\/?p=8390#webpage\",\"url\":\"https:\/\/boutique-brochet.ch\/?p=8390\",\"name\":\"Wir w\\u00fcnschen friedliche Ostern \\ud83d\\udc23 - Boutique Brochet Walk-in Wardrobe\",\"isPartOf\":{\"@id\":\"https:\/\/boutique-brochet.ch\/#website\"},\"primaryImageOfPage\":{\"@id\":\"https:\/\/boutique-brochet.ch\/?p=8390#primaryimage\"},\"datePublished\":\"2022-04-15T05:26:52+00:00\",\"dateModified\":\"2022-04-15T05:26:54+00:00\",\"author\":{\"@id\":\"https:\/\/boutique-brochet.ch\/#\/schema\/person\/67ec350bed6af06cedd6ce8855784d16\"},\"inLanguage\":\"de\",\"potentialAction\":[{\"@type\":\"ReadAction\",\"target\":[\"https:\/\/boutique-brochet.ch\/?p=8390\"]}]},{\"@type\":\"Person\",\"@id\":\"https:\/\/boutique-brochet.ch\/#\/schema\/person\/67ec350bed6af06cedd6ce8855784d16\",\"name\":\"admin\",\"image\":{\"@type\":\"ImageObject\",\"@id\":\"https:\/\/boutique-brochet.ch\/#personlogo\",\"inLanguage\":\"de\",\"url\":\"https:\/\/secure.gravatar.com\/avatar\/eafbd83b9328a38dae710fd8f1092e31?s=96&d=mm&r=g\",\"caption\":\"admin\"},\"sameAs\":[\"https:\/\/boutique-brochet.ch\"]}]}<\/script>\n<!-- \/ Yoast SEO plugin. -->","_links":{"self":[{"href":"https:\/\/boutique-brochet.ch\/index.php?rest_route=\/wp\/v2\/posts\/8390"}],"collection":[{"href":"https:\/\/boutique-brochet.ch\/index.php?rest_route=\/wp\/v2\/posts"}],"about":[{"href":"https:\/\/boutique-brochet.ch\/index.php?rest_route=\/wp\/v2\/types\/post"}],"author":[{"embeddable":true,"href":"https:\/\/boutique-brochet.ch\/index.php?rest_route=\/wp\/v2\/users\/1"}],"replies":[{"embeddable":true,"href":"https:\/\/boutique-brochet.ch\/index.php?rest_route=%2Fwp%2Fv2%2Fcomments&post=8390"}],"version-history":[{"count":2,"href":"https:\/\/boutique-brochet.ch\/index.php?rest_route=\/wp\/v2\/posts\/8390\/revisions"}],"predecessor-version":[{"id":8393,"href":"https:\/\/boutique-brochet.ch\/index.php?rest_route=\/wp\/v2\/posts\/8390\/revisions\/8393"}],"wp:featuredmedia":[{"embeddable":true,"href":"https:\/\/boutique-brochet.ch\/index.php?rest_route=\/wp\/v2\/media\/8391"}],"wp:attachment":[{"href":"https:\/\/boutique-brochet.ch\/index.php?rest_route=%2Fwp%2Fv2%2Fmedia&parent=8390"}],"wp:term":[{"taxonomy":"category","embeddable":true,"href":"https:\/\/boutique-brochet.ch\/index.php?rest_route=%2Fwp%2Fv2%2Fcategories&post=8390"},{"taxonomy":"post_tag","embeddable":true,"href":"https:\/\/boutique-brochet.ch\/index.php?rest_route=%2Fwp%2Fv2%2Ftags&post=8390"}],"curies":[{"name":"wp","href":"https:\/\/api.w.org\/{rel}","templated":true}]}}