{"id":8880,"date":"2022-05-14T04:51:40","date_gmt":"2022-05-14T04:51:40","guid":{"rendered":"https:\/\/boutique-brochet.ch\/?p=8880"},"modified":"2022-05-14T04:51:42","modified_gmt":"2022-05-14T04:51:42","slug":"leinen-lin-lino-kuehle-naturfaser-fuer-sommertage","status":"publish","type":"post","link":"https:\/\/boutique-brochet.ch\/?p=8880","title":{"rendered":"Leinen &#8211; Lin &#8211; Lino k\u00fchle Naturfaser f\u00fcr Sommertage"},"content":{"rendered":"\n<p>Entdecken Sie die Vielf\u00e4ltigkeit von Leinen! Ob in Shirts, Strickjacken, Blusen, Blazer, Culottes, Kleidern oder Schals &#8211; die atmungsaktiven und antistatischen Eigenschaften dieser Naturfaser sorgen f\u00fcr ein angenehmes Tragegef\u00fchl mit k\u00fchlendem  Effekt an heissen Sommertagen.<\/p>\n\n\n\n<p>Heute Samstag 14.05.2022 mit 30% Entdecker Rabatt auf alles aus Leinen \ud83d\udc57\ud83d\udc5a\ud83d\udc56\ud83c\udfdd\u26f1\ud83c\udf1e<\/p>\n","protected":false},"excerpt":{"rendered":"<p>Entdecken Sie die Vielf\u00e4ltigkeit von Leinen! Ob in Shirts, Strickjacken, Blusen, Blazer, Culottes, Kleidern oder Schals &#8211; die atmungsaktiven und antistatischen Eigenschaften dieser Naturfaser sorgen f\u00fcr ein angenehmes Tragegef\u00fchl mit k\u00fchlendem Effekt an heissen Sommertagen. Heute Samstag 14.05.2022 mit 30% Entdecker Rabatt auf alles aus Leinen \ud83d\udc57\ud83d\udc5a\ud83d\udc56\ud83c\udfdd\u26f1\ud83c\udf1e<\/p>\n","protected":false},"author":1,"featured_media":8882,"comment_status":"open","ping_status":"open","sticky":false,"template":"","format":"standard","meta":{"footnotes":""},"categories":[1],"tags":[],"class_list":["post-8880","post","type-post","status-publish","format-standard","has-post-thumbnail","hentry","category-news"],"jetpack_featured_media_url":"https:\/\/boutique-brochet.ch\/wp-content\/uploads\/2022\/05\/Sommer-Leinen-Sortiment-So22.jpeg","yoast_head":"<!-- This site is optimized with the Yoast SEO plugin v15.5 - https:\/\/yoast.com\/wordpress\/plugins\/seo\/ -->\n<title>Leinen - Lin - Lino k\u00fchle Naturfaser f\u00fcr Sommertage - Boutique Brochet Walk-in Wardrobe<\/title>\n<meta name=\"robots\" content=\"index, follow, max-snippet:-1, max-image-preview:large, max-video-preview:-1\" \/>\n<link rel=\"canonical\" href=\"https:\/\/boutique-brochet.ch\/?p=8880\" \/>\n<meta property=\"og:locale\" content=\"de_DE\" \/>\n<meta property=\"og:type\" content=\"article\" \/>\n<meta property=\"og:title\" content=\"Leinen - Lin - Lino k\u00fchle Naturfaser f\u00fcr Sommertage - Boutique Brochet Walk-in Wardrobe\" \/>\n<meta property=\"og:description\" content=\"Entdecken Sie die Vielf\u00e4ltigkeit von Leinen! Ob in Shirts, Strickjacken, Blusen, Blazer, Culottes, Kleidern oder Schals &#8211; die atmungsaktiven und antistatischen Eigenschaften dieser Naturfaser sorgen f\u00fcr ein angenehmes Tragegef\u00fchl mit k\u00fchlendem Effekt an heissen Sommertagen. Heute Samstag 14.05.2022 mit 30% Entdecker Rabatt auf alles aus Leinen \ud83d\udc57\ud83d\udc5a\ud83d\udc56\ud83c\udfdd\u26f1\ud83c\udf1e\" \/>\n<meta property=\"og:url\" content=\"https:\/\/boutique-brochet.ch\/?p=8880\" \/>\n<meta property=\"og:site_name\" content=\"Boutique Brochet Walk-in Wardrobe\" \/>\n<meta property=\"article:published_time\" content=\"2022-05-14T04:51:40+00:00\" \/>\n<meta property=\"article:modified_time\" content=\"2022-05-14T04:51:42+00:00\" \/>\n<meta property=\"og:image\" content=\"https:\/\/boutique-brochet.ch\/wp-content\/uploads\/2022\/05\/Sommer-Leinen-Sortiment-So22.jpeg\" \/>\n\t<meta property=\"og:image:width\" content=\"1132\" \/>\n\t<meta property=\"og:image:height\" content=\"373\" \/>\n<meta name=\"twitter:card\" content=\"summary_large_image\" \/>\n<meta name=\"twitter:label1\" content=\"Gesch\u00e4tzte Lesezeit\">\n\t<meta name=\"twitter:data1\" content=\"0\u00a0Minuten\">\n<script type=\"application\/ld+json\" class=\"yoast-schema-graph\">{\"@context\":\"https:\/\/schema.org\",\"@graph\":[{\"@type\":\"WebSite\",\"@id\":\"https:\/\/boutique-brochet.ch\/#website\",\"url\":\"https:\/\/boutique-brochet.ch\/\",\"name\":\"Boutique Brochet Walk-in Wardrobe\",\"description\":\"vom Hechtplatz zum Klusplatz - info(at)boutique-brochet.ch\",\"potentialAction\":[{\"@type\":\"SearchAction\",\"target\":\"https:\/\/boutique-brochet.ch\/?s={search_term_string}\",\"query-input\":\"required name=search_term_string\"}],\"inLanguage\":\"de\"},{\"@type\":\"ImageObject\",\"@id\":\"https:\/\/boutique-brochet.ch\/?p=8880#primaryimage\",\"inLanguage\":\"de\",\"url\":\"https:\/\/boutique-brochet.ch\/wp-content\/uploads\/2022\/05\/Sommer-Leinen-Sortiment-So22.jpeg\",\"width\":1132,\"height\":373},{\"@type\":\"WebPage\",\"@id\":\"https:\/\/boutique-brochet.ch\/?p=8880#webpage\",\"url\":\"https:\/\/boutique-brochet.ch\/?p=8880\",\"name\":\"Leinen - Lin - Lino k\\u00fchle Naturfaser f\\u00fcr Sommertage - Boutique Brochet Walk-in Wardrobe\",\"isPartOf\":{\"@id\":\"https:\/\/boutique-brochet.ch\/#website\"},\"primaryImageOfPage\":{\"@id\":\"https:\/\/boutique-brochet.ch\/?p=8880#primaryimage\"},\"datePublished\":\"2022-05-14T04:51:40+00:00\",\"dateModified\":\"2022-05-14T04:51:42+00:00\",\"author\":{\"@id\":\"https:\/\/boutique-brochet.ch\/#\/schema\/person\/67ec350bed6af06cedd6ce8855784d16\"},\"inLanguage\":\"de\",\"potentialAction\":[{\"@type\":\"ReadAction\",\"target\":[\"https:\/\/boutique-brochet.ch\/?p=8880\"]}]},{\"@type\":\"Person\",\"@id\":\"https:\/\/boutique-brochet.ch\/#\/schema\/person\/67ec350bed6af06cedd6ce8855784d16\",\"name\":\"admin\",\"image\":{\"@type\":\"ImageObject\",\"@id\":\"https:\/\/boutique-brochet.ch\/#personlogo\",\"inLanguage\":\"de\",\"url\":\"https:\/\/secure.gravatar.com\/avatar\/eafbd83b9328a38dae710fd8f1092e31?s=96&d=mm&r=g\",\"caption\":\"admin\"},\"sameAs\":[\"https:\/\/boutique-brochet.ch\"]}]}<\/script>\n<!-- \/ Yoast SEO plugin. -->","_links":{"self":[{"href":"https:\/\/boutique-brochet.ch\/index.php?rest_route=\/wp\/v2\/posts\/8880"}],"collection":[{"href":"https:\/\/boutique-brochet.ch\/index.php?rest_route=\/wp\/v2\/posts"}],"about":[{"href":"https:\/\/boutique-brochet.ch\/index.php?rest_route=\/wp\/v2\/types\/post"}],"author":[{"embeddable":true,"href":"https:\/\/boutique-brochet.ch\/index.php?rest_route=\/wp\/v2\/users\/1"}],"replies":[{"embeddable":true,"href":"https:\/\/boutique-brochet.ch\/index.php?rest_route=%2Fwp%2Fv2%2Fcomments&post=8880"}],"version-history":[{"count":1,"href":"https:\/\/boutique-brochet.ch\/index.php?rest_route=\/wp\/v2\/posts\/8880\/revisions"}],"predecessor-version":[{"id":8883,"href":"https:\/\/boutique-brochet.ch\/index.php?rest_route=\/wp\/v2\/posts\/8880\/revisions\/8883"}],"wp:featuredmedia":[{"embeddable":true,"href":"https:\/\/boutique-brochet.ch\/index.php?rest_route=\/wp\/v2\/media\/8882"}],"wp:attachment":[{"href":"https:\/\/boutique-brochet.ch\/index.php?rest_route=%2Fwp%2Fv2%2Fmedia&parent=8880"}],"wp:term":[{"taxonomy":"category","embeddable":true,"href":"https:\/\/boutique-brochet.ch\/index.php?rest_route=%2Fwp%2Fv2%2Fcategories&post=8880"},{"taxonomy":"post_tag","embeddable":true,"href":"https:\/\/boutique-brochet.ch\/index.php?rest_route=%2Fwp%2Fv2%2Ftags&post=8880"}],"curies":[{"name":"wp","href":"https:\/\/api.w.org\/{rel}","templated":true}]}}