{"id":9330,"date":"2023-04-23T09:26:06","date_gmt":"2023-04-23T09:26:06","guid":{"rendered":"https:\/\/boutique-brochet.ch\/?p=9330"},"modified":"2023-04-23T09:26:07","modified_gmt":"2023-04-23T09:26:07","slug":"die-boutique-brochet-wird-umstrukturiert","status":"publish","type":"post","link":"https:\/\/boutique-brochet.ch\/?p=9330","title":{"rendered":"Die Boutique Brochet wird umstrukturiert"},"content":{"rendered":"\n<figure class=\"wp-block-image size-large\"><img loading=\"lazy\" decoding=\"async\" width=\"1024\" height=\"338\" src=\"https:\/\/boutique-brochet.ch\/wp-content\/uploads\/2023\/04\/AD2137B3-5B1A-4EDB-B12D-AC6C2A2CDE33-1024x338.jpeg\" alt=\"\" class=\"wp-image-9328\" srcset=\"https:\/\/boutique-brochet.ch\/wp-content\/uploads\/2023\/04\/AD2137B3-5B1A-4EDB-B12D-AC6C2A2CDE33-1024x338.jpeg 1024w, https:\/\/boutique-brochet.ch\/wp-content\/uploads\/2023\/04\/AD2137B3-5B1A-4EDB-B12D-AC6C2A2CDE33-300x99.jpeg 300w, https:\/\/boutique-brochet.ch\/wp-content\/uploads\/2023\/04\/AD2137B3-5B1A-4EDB-B12D-AC6C2A2CDE33-768x254.jpeg 768w, https:\/\/boutique-brochet.ch\/wp-content\/uploads\/2023\/04\/AD2137B3-5B1A-4EDB-B12D-AC6C2A2CDE33-416x137.jpeg 416w, https:\/\/boutique-brochet.ch\/wp-content\/uploads\/2023\/04\/AD2137B3-5B1A-4EDB-B12D-AC6C2A2CDE33.jpeg 1136w\" sizes=\"(max-width: 1024px) 100vw, 1024px\" \/><\/figure>\n\n\n\n<p>Die Entwicklung seit der \u00dcbernahme entspricht leider nicht unseren Erwartungen. Anpassungen werden n\u00f6tig sein, um den Fortbestand der \u00fcber 55-j\u00e4hrigen Geschichte der Boutique Brochet an diesem Standort mit diesem Namen weiterhin zu gew\u00e4hrleisten.<\/p>\n\n\n\n<p>Diese Anpassungen erfordern einiges an Planung, abseits vom laufenden Tagesgesch\u00e4ft.<\/p>\n\n\n\n<p>Darum ist die Boutique Brochet zur Zeit nur unregelm\u00e4ssig ge\u00f6ffnet. Der eShop der Boutique Brochet wurde um die Kategorie \u201eAktuelle Angebote\u201c erweitert, damit Artikel zu reduzierten Preisen einfacher gefunden werden.<\/p>\n\n\n\n<p>Der Versand von Bestellungen aus dem eShop erfolgt immer noch sp\u00e4testens 1 Tag nach Eingang der Zahlung.<\/p>\n\n\n\n<p>Anfragen werden am schnellsten per eMail beantwortet.<\/p>\n\n\n\n<p>Trotz schwieriger Lage kann man nur versuchen, weiterhin positiv in die Zukunft zu sehen.<\/p>\n\n\n\n<p>Eine sch\u00f6ne Fr\u00fchlingszeit w\u00fcnscht<\/p>\n\n\n\n<p>Susanne Zingg, Inhaberin seit 01.01.2021<\/p>\n","protected":false},"excerpt":{"rendered":"<p>Die Entwicklung seit der \u00dcbernahme entspricht leider nicht unseren Erwartungen. Anpassungen werden n\u00f6tig sein, um den Fortbestand der \u00fcber 55-j\u00e4hrigen Geschichte der Boutique Brochet an diesem Standort mit diesem Namen weiterhin zu gew\u00e4hrleisten. Diese Anpassungen erfordern einiges an Planung, abseits vom laufenden Tagesgesch\u00e4ft. Darum ist die Boutique Brochet zur Zeit nur unregelm\u00e4ssig ge\u00f6ffnet. Der eShop [&hellip;]<\/p>\n","protected":false},"author":1,"featured_media":0,"comment_status":"open","ping_status":"open","sticky":false,"template":"","format":"standard","meta":{"footnotes":""},"categories":[1],"tags":[353],"class_list":["post-9330","post","type-post","status-publish","format-standard","hentry","category-news","tag-umstrukturierung"],"jetpack_featured_media_url":"","yoast_head":"<!-- This site is optimized with the Yoast SEO plugin v15.5 - https:\/\/yoast.com\/wordpress\/plugins\/seo\/ -->\n<title>Die Boutique Brochet wird umstrukturiert - Boutique Brochet Walk-in Wardrobe<\/title>\n<meta name=\"robots\" content=\"index, follow, max-snippet:-1, max-image-preview:large, max-video-preview:-1\" \/>\n<link rel=\"canonical\" href=\"https:\/\/boutique-brochet.ch\/?p=9330\" \/>\n<meta property=\"og:locale\" content=\"de_DE\" \/>\n<meta property=\"og:type\" content=\"article\" \/>\n<meta property=\"og:title\" content=\"Die Boutique Brochet wird umstrukturiert - Boutique Brochet Walk-in Wardrobe\" \/>\n<meta property=\"og:description\" content=\"Die Entwicklung seit der \u00dcbernahme entspricht leider nicht unseren Erwartungen. Anpassungen werden n\u00f6tig sein, um den Fortbestand der \u00fcber 55-j\u00e4hrigen Geschichte der Boutique Brochet an diesem Standort mit diesem Namen weiterhin zu gew\u00e4hrleisten. Diese Anpassungen erfordern einiges an Planung, abseits vom laufenden Tagesgesch\u00e4ft. Darum ist die Boutique Brochet zur Zeit nur unregelm\u00e4ssig ge\u00f6ffnet. Der eShop [&hellip;]\" \/>\n<meta property=\"og:url\" content=\"https:\/\/boutique-brochet.ch\/?p=9330\" \/>\n<meta property=\"og:site_name\" content=\"Boutique Brochet Walk-in Wardrobe\" \/>\n<meta property=\"article:published_time\" content=\"2023-04-23T09:26:06+00:00\" \/>\n<meta property=\"article:modified_time\" content=\"2023-04-23T09:26:07+00:00\" \/>\n<meta property=\"og:image\" content=\"https:\/\/boutique-brochet.ch\/wp-content\/uploads\/2023\/04\/AD2137B3-5B1A-4EDB-B12D-AC6C2A2CDE33-1024x338.jpeg\" \/>\n<meta name=\"twitter:card\" content=\"summary_large_image\" \/>\n<meta name=\"twitter:label1\" content=\"Gesch\u00e4tzte Lesezeit\">\n\t<meta name=\"twitter:data1\" content=\"1\u00a0Minute\">\n<script type=\"application\/ld+json\" class=\"yoast-schema-graph\">{\"@context\":\"https:\/\/schema.org\",\"@graph\":[{\"@type\":\"WebSite\",\"@id\":\"https:\/\/boutique-brochet.ch\/#website\",\"url\":\"https:\/\/boutique-brochet.ch\/\",\"name\":\"Boutique Brochet Walk-in Wardrobe\",\"description\":\"vom Hechtplatz zum Klusplatz - info(at)boutique-brochet.ch\",\"potentialAction\":[{\"@type\":\"SearchAction\",\"target\":\"https:\/\/boutique-brochet.ch\/?s={search_term_string}\",\"query-input\":\"required name=search_term_string\"}],\"inLanguage\":\"de\"},{\"@type\":\"ImageObject\",\"@id\":\"https:\/\/boutique-brochet.ch\/?p=9330#primaryimage\",\"inLanguage\":\"de\",\"url\":\"https:\/\/boutique-brochet.ch\/wp-content\/uploads\/2023\/04\/AD2137B3-5B1A-4EDB-B12D-AC6C2A2CDE33.jpeg\",\"width\":1136,\"height\":375},{\"@type\":\"WebPage\",\"@id\":\"https:\/\/boutique-brochet.ch\/?p=9330#webpage\",\"url\":\"https:\/\/boutique-brochet.ch\/?p=9330\",\"name\":\"Die Boutique Brochet wird umstrukturiert - Boutique Brochet Walk-in Wardrobe\",\"isPartOf\":{\"@id\":\"https:\/\/boutique-brochet.ch\/#website\"},\"primaryImageOfPage\":{\"@id\":\"https:\/\/boutique-brochet.ch\/?p=9330#primaryimage\"},\"datePublished\":\"2023-04-23T09:26:06+00:00\",\"dateModified\":\"2023-04-23T09:26:07+00:00\",\"author\":{\"@id\":\"https:\/\/boutique-brochet.ch\/#\/schema\/person\/67ec350bed6af06cedd6ce8855784d16\"},\"inLanguage\":\"de\",\"potentialAction\":[{\"@type\":\"ReadAction\",\"target\":[\"https:\/\/boutique-brochet.ch\/?p=9330\"]}]},{\"@type\":\"Person\",\"@id\":\"https:\/\/boutique-brochet.ch\/#\/schema\/person\/67ec350bed6af06cedd6ce8855784d16\",\"name\":\"admin\",\"image\":{\"@type\":\"ImageObject\",\"@id\":\"https:\/\/boutique-brochet.ch\/#personlogo\",\"inLanguage\":\"de\",\"url\":\"https:\/\/secure.gravatar.com\/avatar\/eafbd83b9328a38dae710fd8f1092e31?s=96&d=mm&r=g\",\"caption\":\"admin\"},\"sameAs\":[\"https:\/\/boutique-brochet.ch\"]}]}<\/script>\n<!-- \/ Yoast SEO plugin. -->","_links":{"self":[{"href":"https:\/\/boutique-brochet.ch\/index.php?rest_route=\/wp\/v2\/posts\/9330"}],"collection":[{"href":"https:\/\/boutique-brochet.ch\/index.php?rest_route=\/wp\/v2\/posts"}],"about":[{"href":"https:\/\/boutique-brochet.ch\/index.php?rest_route=\/wp\/v2\/types\/post"}],"author":[{"embeddable":true,"href":"https:\/\/boutique-brochet.ch\/index.php?rest_route=\/wp\/v2\/users\/1"}],"replies":[{"embeddable":true,"href":"https:\/\/boutique-brochet.ch\/index.php?rest_route=%2Fwp%2Fv2%2Fcomments&post=9330"}],"version-history":[{"count":2,"href":"https:\/\/boutique-brochet.ch\/index.php?rest_route=\/wp\/v2\/posts\/9330\/revisions"}],"predecessor-version":[{"id":9332,"href":"https:\/\/boutique-brochet.ch\/index.php?rest_route=\/wp\/v2\/posts\/9330\/revisions\/9332"}],"wp:attachment":[{"href":"https:\/\/boutique-brochet.ch\/index.php?rest_route=%2Fwp%2Fv2%2Fmedia&parent=9330"}],"wp:term":[{"taxonomy":"category","embeddable":true,"href":"https:\/\/boutique-brochet.ch\/index.php?rest_route=%2Fwp%2Fv2%2Fcategories&post=9330"},{"taxonomy":"post_tag","embeddable":true,"href":"https:\/\/boutique-brochet.ch\/index.php?rest_route=%2Fwp%2Fv2%2Ftags&post=9330"}],"curies":[{"name":"wp","href":"https:\/\/api.w.org\/{rel}","templated":true}]}}