{"id":9625,"date":"2024-07-28T09:07:17","date_gmt":"2024-07-28T09:07:17","guid":{"rendered":"https:\/\/boutique-brochet.ch\/?p=9625"},"modified":"2024-09-03T15:14:15","modified_gmt":"2024-09-03T15:14:15","slug":"neuer-gemeinsamer-showroom-von-boutique-brochet-und-art-fun-private-collection-ab-01-10-2024","status":"publish","type":"post","link":"https:\/\/boutique-brochet.ch\/?p=9625","title":{"rendered":"Neuer gemeinsamer Showroom von Boutique Brochet und Art &#038; Fun *private collection* ab 01.10.2024"},"content":{"rendered":"\n<figure class=\"wp-block-image size-large\"><img loading=\"lazy\" decoding=\"async\" width=\"409\" height=\"436\" src=\"https:\/\/boutique-brochet.ch\/wp-content\/uploads\/2024\/09\/B614B398-C5F9-4FBF-8EEE-2C3529218179.jpeg\" alt=\"\" class=\"wp-image-9643\" srcset=\"https:\/\/boutique-brochet.ch\/wp-content\/uploads\/2024\/09\/B614B398-C5F9-4FBF-8EEE-2C3529218179.jpeg 409w, https:\/\/boutique-brochet.ch\/wp-content\/uploads\/2024\/09\/B614B398-C5F9-4FBF-8EEE-2C3529218179-281x300.jpeg 281w\" sizes=\"(max-width: 409px) 100vw, 409px\" \/><\/figure>\n\n\n\n<p>Nach langer Suche konnte eine ansprechende L\u00f6sung gefunden werden: ab 01.10.2024 zeigen Boutique Brochet und Art &amp; Fun * private collection* ihre Sammlungen im ersten gemeinsamen Showroom. Da die Inhaberin weiterhin ihre betagten Eltern betreut, sind regelm\u00e4ssige \u00d6ffnungszeiten vorl\u00e4ufig nicht m\u00f6glich. Daf\u00fcr ist der Showroom nach vorheriger Vereinbarung jeweils zu den von Ihnen gew\u00fcnschten Zeiten exklusiv f\u00fcr Sie ge\u00f6ffnet. Der Showroom ist mit \u00d6V oder Auto gut zu erreichen, in 8032 Z\u00fcrich. Weitere Details folgen ab Ende September 2024.<\/p>\n\n\n\n<p><\/p>\n\n\n\n<p>Wir freuen uns, Sie ab 01.10.2024 am neuen Ort begr\u00fcssen zu d\u00fcrfen!<\/p>\n\n\n\n<p><\/p>\n","protected":false},"excerpt":{"rendered":"<p>Nach langer Suche konnte eine ansprechende L\u00f6sung gefunden werden: ab 01.10.2024 zeigen Boutique Brochet und Art &amp; Fun * private collection* ihre Sammlungen im ersten gemeinsamen Showroom. Da die Inhaberin weiterhin ihre betagten Eltern betreut, sind regelm\u00e4ssige \u00d6ffnungszeiten vorl\u00e4ufig nicht m\u00f6glich. Daf\u00fcr ist der Showroom nach vorheriger Vereinbarung jeweils zu den von Ihnen gew\u00fcnschten Zeiten [&hellip;]<\/p>\n","protected":false},"author":1,"featured_media":0,"comment_status":"open","ping_status":"open","sticky":false,"template":"","format":"standard","meta":{"footnotes":""},"categories":[1],"tags":[],"class_list":["post-9625","post","type-post","status-publish","format-standard","hentry","category-news"],"jetpack_featured_media_url":"","yoast_head":"<!-- This site is optimized with the Yoast SEO plugin v15.5 - https:\/\/yoast.com\/wordpress\/plugins\/seo\/ -->\n<title>Neuer gemeinsamer Showroom von Boutique Brochet und Art &amp; Fun *private collection* ab 01.10.2024 - Boutique Brochet Walk-in Wardrobe<\/title>\n<meta name=\"robots\" content=\"index, follow, max-snippet:-1, max-image-preview:large, max-video-preview:-1\" \/>\n<link rel=\"canonical\" href=\"https:\/\/boutique-brochet.ch\/?p=9625\" \/>\n<meta property=\"og:locale\" content=\"de_DE\" \/>\n<meta property=\"og:type\" content=\"article\" \/>\n<meta property=\"og:title\" content=\"Neuer gemeinsamer Showroom von Boutique Brochet und Art &amp; Fun *private collection* ab 01.10.2024 - Boutique Brochet Walk-in Wardrobe\" \/>\n<meta property=\"og:description\" content=\"Nach langer Suche konnte eine ansprechende L\u00f6sung gefunden werden: ab 01.10.2024 zeigen Boutique Brochet und Art &amp; Fun * private collection* ihre Sammlungen im ersten gemeinsamen Showroom. Da die Inhaberin weiterhin ihre betagten Eltern betreut, sind regelm\u00e4ssige \u00d6ffnungszeiten vorl\u00e4ufig nicht m\u00f6glich. Daf\u00fcr ist der Showroom nach vorheriger Vereinbarung jeweils zu den von Ihnen gew\u00fcnschten Zeiten [&hellip;]\" \/>\n<meta property=\"og:url\" content=\"https:\/\/boutique-brochet.ch\/?p=9625\" \/>\n<meta property=\"og:site_name\" content=\"Boutique Brochet Walk-in Wardrobe\" \/>\n<meta property=\"article:published_time\" content=\"2024-07-28T09:07:17+00:00\" \/>\n<meta property=\"article:modified_time\" content=\"2024-09-03T15:14:15+00:00\" \/>\n<meta property=\"og:image\" content=\"https:\/\/boutique-brochet.ch\/wp-content\/uploads\/2024\/09\/B614B398-C5F9-4FBF-8EEE-2C3529218179.jpeg\" \/>\n<meta name=\"twitter:card\" content=\"summary_large_image\" \/>\n<meta name=\"twitter:label1\" content=\"Gesch\u00e4tzte Lesezeit\">\n\t<meta name=\"twitter:data1\" content=\"0\u00a0Minuten\">\n<script type=\"application\/ld+json\" class=\"yoast-schema-graph\">{\"@context\":\"https:\/\/schema.org\",\"@graph\":[{\"@type\":\"WebSite\",\"@id\":\"https:\/\/boutique-brochet.ch\/#website\",\"url\":\"https:\/\/boutique-brochet.ch\/\",\"name\":\"Boutique Brochet Walk-in Wardrobe\",\"description\":\"vom Hechtplatz zum Klusplatz - info(at)boutique-brochet.ch\",\"potentialAction\":[{\"@type\":\"SearchAction\",\"target\":\"https:\/\/boutique-brochet.ch\/?s={search_term_string}\",\"query-input\":\"required name=search_term_string\"}],\"inLanguage\":\"de\"},{\"@type\":\"ImageObject\",\"@id\":\"https:\/\/boutique-brochet.ch\/?p=9625#primaryimage\",\"inLanguage\":\"de\",\"url\":\"https:\/\/boutique-brochet.ch\/wp-content\/uploads\/2024\/09\/B614B398-C5F9-4FBF-8EEE-2C3529218179.jpeg\",\"width\":409,\"height\":436},{\"@type\":\"WebPage\",\"@id\":\"https:\/\/boutique-brochet.ch\/?p=9625#webpage\",\"url\":\"https:\/\/boutique-brochet.ch\/?p=9625\",\"name\":\"Neuer gemeinsamer Showroom von Boutique Brochet und Art & Fun *private collection* ab 01.10.2024 - Boutique Brochet Walk-in Wardrobe\",\"isPartOf\":{\"@id\":\"https:\/\/boutique-brochet.ch\/#website\"},\"primaryImageOfPage\":{\"@id\":\"https:\/\/boutique-brochet.ch\/?p=9625#primaryimage\"},\"datePublished\":\"2024-07-28T09:07:17+00:00\",\"dateModified\":\"2024-09-03T15:14:15+00:00\",\"author\":{\"@id\":\"https:\/\/boutique-brochet.ch\/#\/schema\/person\/67ec350bed6af06cedd6ce8855784d16\"},\"inLanguage\":\"de\",\"potentialAction\":[{\"@type\":\"ReadAction\",\"target\":[\"https:\/\/boutique-brochet.ch\/?p=9625\"]}]},{\"@type\":\"Person\",\"@id\":\"https:\/\/boutique-brochet.ch\/#\/schema\/person\/67ec350bed6af06cedd6ce8855784d16\",\"name\":\"admin\",\"image\":{\"@type\":\"ImageObject\",\"@id\":\"https:\/\/boutique-brochet.ch\/#personlogo\",\"inLanguage\":\"de\",\"url\":\"https:\/\/secure.gravatar.com\/avatar\/eafbd83b9328a38dae710fd8f1092e31?s=96&d=mm&r=g\",\"caption\":\"admin\"},\"sameAs\":[\"https:\/\/boutique-brochet.ch\"]}]}<\/script>\n<!-- \/ Yoast SEO plugin. -->","_links":{"self":[{"href":"https:\/\/boutique-brochet.ch\/index.php?rest_route=\/wp\/v2\/posts\/9625"}],"collection":[{"href":"https:\/\/boutique-brochet.ch\/index.php?rest_route=\/wp\/v2\/posts"}],"about":[{"href":"https:\/\/boutique-brochet.ch\/index.php?rest_route=\/wp\/v2\/types\/post"}],"author":[{"embeddable":true,"href":"https:\/\/boutique-brochet.ch\/index.php?rest_route=\/wp\/v2\/users\/1"}],"replies":[{"embeddable":true,"href":"https:\/\/boutique-brochet.ch\/index.php?rest_route=%2Fwp%2Fv2%2Fcomments&post=9625"}],"version-history":[{"count":4,"href":"https:\/\/boutique-brochet.ch\/index.php?rest_route=\/wp\/v2\/posts\/9625\/revisions"}],"predecessor-version":[{"id":9644,"href":"https:\/\/boutique-brochet.ch\/index.php?rest_route=\/wp\/v2\/posts\/9625\/revisions\/9644"}],"wp:attachment":[{"href":"https:\/\/boutique-brochet.ch\/index.php?rest_route=%2Fwp%2Fv2%2Fmedia&parent=9625"}],"wp:term":[{"taxonomy":"category","embeddable":true,"href":"https:\/\/boutique-brochet.ch\/index.php?rest_route=%2Fwp%2Fv2%2Fcategories&post=9625"},{"taxonomy":"post_tag","embeddable":true,"href":"https:\/\/boutique-brochet.ch\/index.php?rest_route=%2Fwp%2Fv2%2Ftags&post=9625"}],"curies":[{"name":"wp","href":"https:\/\/api.w.org\/{rel}","templated":true}]}}