{"id":9674,"date":"2024-11-02T10:26:10","date_gmt":"2024-11-02T10:26:10","guid":{"rendered":"https:\/\/boutique-brochet.ch\/?p=9674"},"modified":"2024-11-02T10:31:32","modified_gmt":"2024-11-02T10:31:32","slug":"vom-hechtplatz-zum-klusplatz-neuer-walk-in-wardrobe","status":"publish","type":"post","link":"https:\/\/boutique-brochet.ch\/?p=9674","title":{"rendered":"Vom Hechtplatz zum Klusplatz &#8211; neuer Walk-in Wardrobe"},"content":{"rendered":"\n<figure class=\"wp-block-gallery has-nested-images columns-default is-cropped wp-block-gallery-1 is-layout-flex wp-block-gallery-is-layout-flex\">\n<figure class=\"wp-block-image size-large\"><img loading=\"lazy\" decoding=\"async\" width=\"640\" height=\"706\" data-id=\"9640\" src=\"https:\/\/boutique-brochet.ch\/wp-content\/uploads\/2024\/08\/267B62E5-4DFF-4524-9BBE-4E7BBD741F43.jpeg\" alt=\"\" class=\"wp-image-9640\" srcset=\"https:\/\/boutique-brochet.ch\/wp-content\/uploads\/2024\/08\/267B62E5-4DFF-4524-9BBE-4E7BBD741F43.jpeg 640w, https:\/\/boutique-brochet.ch\/wp-content\/uploads\/2024\/08\/267B62E5-4DFF-4524-9BBE-4E7BBD741F43-272x300.jpeg 272w, https:\/\/boutique-brochet.ch\/wp-content\/uploads\/2024\/08\/267B62E5-4DFF-4524-9BBE-4E7BBD741F43-416x459.jpeg 416w\" sizes=\"(max-width: 640px) 100vw, 640px\" \/><figcaption class=\"wp-element-caption\">Herbstfarben 2024<\/figcaption><\/figure>\n\n\n\n<figure class=\"wp-block-image size-large\"><img loading=\"lazy\" decoding=\"async\" width=\"509\" height=\"525\" data-id=\"9639\" src=\"https:\/\/boutique-brochet.ch\/wp-content\/uploads\/2024\/08\/53936558-AE6B-4B7E-9E51-DB75383EF8B2.jpeg\" alt=\"\" class=\"wp-image-9639\" srcset=\"https:\/\/boutique-brochet.ch\/wp-content\/uploads\/2024\/08\/53936558-AE6B-4B7E-9E51-DB75383EF8B2.jpeg 509w, https:\/\/boutique-brochet.ch\/wp-content\/uploads\/2024\/08\/53936558-AE6B-4B7E-9E51-DB75383EF8B2-291x300.jpeg 291w, https:\/\/boutique-brochet.ch\/wp-content\/uploads\/2024\/08\/53936558-AE6B-4B7E-9E51-DB75383EF8B2-416x429.jpeg 416w\" sizes=\"(max-width: 509px) 100vw, 509px\" \/><figcaption class=\"wp-element-caption\">unsere Modelle dazu<\/figcaption><\/figure>\n<\/figure>\n\n\n\n<p>Endlich besteht wieder die M\u00f6glichkeit zur Anprobe, in unserem neuen Walk-in Wardrobe am Klusplatz in 8032 Z\u00fcrich.<\/p>\n\n\n\n<p>Buchen Sie Ihren exklusiven Termin, f\u00fcr sich und eine Begleitperson. Teilen Sie uns mit, was Sie gerne anprobieren m\u00f6chten, wir bereiten alles f\u00fcr Sie vor.<\/p>\n\n\n\n<p>Den gesamten bisherige Lagerbestand erhalten Sie zu reduzierten Preisen. Auch darin finden sich Teile in den aktuellen Herbstfarben, fragen Sie einfach.<\/p>\n\n\n\n<p>Als zus\u00e4tzlichen besonderen Service bieten wir an, bei einzelnen Labels ausgesuchte Artikel aus deren laufenden Kollektionen in kleine Mengen direkt ab Hersteller Lager gem\u00e4ss Ihrem Wunsch nachzubestellen. Die Kleinmengen Zuschl\u00e4ge der Lieferanten halten sich im Rahmen, unser Aufwand wird dabei nicht in Rechnung gestellt, Sie bezahlen nur die effektiv anfallenden Kosten. Beim Strickwaren Lieferanten ist dies zum Beispiel auch f\u00fcr Herren Cashmere Pullover m\u00f6glich, bei Bestellung Anfang November 2024 sogar mit Lieferung rechtzeitig zu Weihnachten.<\/p>\n\n\n\n<p>Nutzen Sie diese Gelegenheit!<\/p>\n\n\n\n<p><\/p>\n","protected":false},"excerpt":{"rendered":"<p>Endlich besteht wieder die M\u00f6glichkeit zur Anprobe, in unserem neuen Walk-in Wardrobe am Klusplatz in 8032 Z\u00fcrich. Buchen Sie Ihren exklusiven Termin, f\u00fcr sich und eine Begleitperson. Teilen Sie uns mit, was Sie gerne anprobieren m\u00f6chten, wir bereiten alles f\u00fcr Sie vor. Den gesamten bisherige Lagerbestand erhalten Sie zu reduzierten Preisen. Auch darin finden sich [&hellip;]<\/p>\n","protected":false},"author":1,"featured_media":0,"comment_status":"open","ping_status":"open","sticky":false,"template":"","format":"standard","meta":{"footnotes":""},"categories":[1],"tags":[],"class_list":["post-9674","post","type-post","status-publish","format-standard","hentry","category-news"],"jetpack_featured_media_url":"","yoast_head":"<!-- This site is optimized with the Yoast SEO plugin v15.5 - https:\/\/yoast.com\/wordpress\/plugins\/seo\/ -->\n<title>Vom Hechtplatz zum Klusplatz - neuer Walk-in Wardrobe - Boutique Brochet Walk-in Wardrobe<\/title>\n<meta name=\"robots\" content=\"index, follow, max-snippet:-1, max-image-preview:large, max-video-preview:-1\" \/>\n<link rel=\"canonical\" href=\"https:\/\/boutique-brochet.ch\/?p=9674\" \/>\n<meta property=\"og:locale\" content=\"de_DE\" \/>\n<meta property=\"og:type\" content=\"article\" \/>\n<meta property=\"og:title\" content=\"Vom Hechtplatz zum Klusplatz - neuer Walk-in Wardrobe - Boutique Brochet Walk-in Wardrobe\" \/>\n<meta property=\"og:description\" content=\"Endlich besteht wieder die M\u00f6glichkeit zur Anprobe, in unserem neuen Walk-in Wardrobe am Klusplatz in 8032 Z\u00fcrich. Buchen Sie Ihren exklusiven Termin, f\u00fcr sich und eine Begleitperson. Teilen Sie uns mit, was Sie gerne anprobieren m\u00f6chten, wir bereiten alles f\u00fcr Sie vor. Den gesamten bisherige Lagerbestand erhalten Sie zu reduzierten Preisen. Auch darin finden sich [&hellip;]\" \/>\n<meta property=\"og:url\" content=\"https:\/\/boutique-brochet.ch\/?p=9674\" \/>\n<meta property=\"og:site_name\" content=\"Boutique Brochet Walk-in Wardrobe\" \/>\n<meta property=\"article:published_time\" content=\"2024-11-02T10:26:10+00:00\" \/>\n<meta property=\"article:modified_time\" content=\"2024-11-02T10:31:32+00:00\" \/>\n<meta property=\"og:image\" content=\"https:\/\/boutique-brochet.ch\/wp-content\/uploads\/2024\/08\/267B62E5-4DFF-4524-9BBE-4E7BBD741F43.jpeg\" \/>\n<meta name=\"twitter:card\" content=\"summary_large_image\" \/>\n<meta name=\"twitter:label1\" content=\"Gesch\u00e4tzte Lesezeit\">\n\t<meta name=\"twitter:data1\" content=\"1\u00a0Minute\">\n<script type=\"application\/ld+json\" class=\"yoast-schema-graph\">{\"@context\":\"https:\/\/schema.org\",\"@graph\":[{\"@type\":\"WebSite\",\"@id\":\"https:\/\/boutique-brochet.ch\/#website\",\"url\":\"https:\/\/boutique-brochet.ch\/\",\"name\":\"Boutique Brochet Walk-in Wardrobe\",\"description\":\"vom Hechtplatz zum Klusplatz - info(at)boutique-brochet.ch\",\"potentialAction\":[{\"@type\":\"SearchAction\",\"target\":\"https:\/\/boutique-brochet.ch\/?s={search_term_string}\",\"query-input\":\"required name=search_term_string\"}],\"inLanguage\":\"de\"},{\"@type\":\"ImageObject\",\"@id\":\"https:\/\/boutique-brochet.ch\/?p=9674#primaryimage\",\"inLanguage\":\"de\",\"url\":\"https:\/\/boutique-brochet.ch\/wp-content\/uploads\/2024\/08\/267B62E5-4DFF-4524-9BBE-4E7BBD741F43.jpeg\",\"width\":640,\"height\":706,\"caption\":\"Herbstfarben 2024\"},{\"@type\":\"WebPage\",\"@id\":\"https:\/\/boutique-brochet.ch\/?p=9674#webpage\",\"url\":\"https:\/\/boutique-brochet.ch\/?p=9674\",\"name\":\"Vom Hechtplatz zum Klusplatz - neuer Walk-in Wardrobe - Boutique Brochet Walk-in Wardrobe\",\"isPartOf\":{\"@id\":\"https:\/\/boutique-brochet.ch\/#website\"},\"primaryImageOfPage\":{\"@id\":\"https:\/\/boutique-brochet.ch\/?p=9674#primaryimage\"},\"datePublished\":\"2024-11-02T10:26:10+00:00\",\"dateModified\":\"2024-11-02T10:31:32+00:00\",\"author\":{\"@id\":\"https:\/\/boutique-brochet.ch\/#\/schema\/person\/67ec350bed6af06cedd6ce8855784d16\"},\"inLanguage\":\"de\",\"potentialAction\":[{\"@type\":\"ReadAction\",\"target\":[\"https:\/\/boutique-brochet.ch\/?p=9674\"]}]},{\"@type\":\"Person\",\"@id\":\"https:\/\/boutique-brochet.ch\/#\/schema\/person\/67ec350bed6af06cedd6ce8855784d16\",\"name\":\"admin\",\"image\":{\"@type\":\"ImageObject\",\"@id\":\"https:\/\/boutique-brochet.ch\/#personlogo\",\"inLanguage\":\"de\",\"url\":\"https:\/\/secure.gravatar.com\/avatar\/eafbd83b9328a38dae710fd8f1092e31?s=96&d=mm&r=g\",\"caption\":\"admin\"},\"sameAs\":[\"https:\/\/boutique-brochet.ch\"]}]}<\/script>\n<!-- \/ Yoast SEO plugin. -->","_links":{"self":[{"href":"https:\/\/boutique-brochet.ch\/index.php?rest_route=\/wp\/v2\/posts\/9674"}],"collection":[{"href":"https:\/\/boutique-brochet.ch\/index.php?rest_route=\/wp\/v2\/posts"}],"about":[{"href":"https:\/\/boutique-brochet.ch\/index.php?rest_route=\/wp\/v2\/types\/post"}],"author":[{"embeddable":true,"href":"https:\/\/boutique-brochet.ch\/index.php?rest_route=\/wp\/v2\/users\/1"}],"replies":[{"embeddable":true,"href":"https:\/\/boutique-brochet.ch\/index.php?rest_route=%2Fwp%2Fv2%2Fcomments&post=9674"}],"version-history":[{"count":2,"href":"https:\/\/boutique-brochet.ch\/index.php?rest_route=\/wp\/v2\/posts\/9674\/revisions"}],"predecessor-version":[{"id":9677,"href":"https:\/\/boutique-brochet.ch\/index.php?rest_route=\/wp\/v2\/posts\/9674\/revisions\/9677"}],"wp:attachment":[{"href":"https:\/\/boutique-brochet.ch\/index.php?rest_route=%2Fwp%2Fv2%2Fmedia&parent=9674"}],"wp:term":[{"taxonomy":"category","embeddable":true,"href":"https:\/\/boutique-brochet.ch\/index.php?rest_route=%2Fwp%2Fv2%2Fcategories&post=9674"},{"taxonomy":"post_tag","embeddable":true,"href":"https:\/\/boutique-brochet.ch\/index.php?rest_route=%2Fwp%2Fv2%2Ftags&post=9674"}],"curies":[{"name":"wp","href":"https:\/\/api.w.org\/{rel}","templated":true}]}}