{"id":9939,"date":"2025-04-06T07:06:46","date_gmt":"2025-04-06T07:06:46","guid":{"rendered":"https:\/\/boutique-brochet.ch\/?p=9939"},"modified":"2025-04-06T07:06:49","modified_gmt":"2025-04-06T07:06:49","slug":"fuer-ein-oster-fest-ganz-in-pink","status":"publish","type":"post","link":"https:\/\/boutique-brochet.ch\/?p=9939","title":{"rendered":"F\u00fcr ein Oster Fest ganz in Pink"},"content":{"rendered":"\n<figure class=\"wp-block-image size-large\"><img loading=\"lazy\" decoding=\"async\" width=\"1024\" height=\"479\" src=\"https:\/\/boutique-brochet.ch\/wp-content\/uploads\/2025\/04\/Ostern-in-Pink-1024x479.jpg\" alt=\"\" class=\"wp-image-9938\" srcset=\"https:\/\/boutique-brochet.ch\/wp-content\/uploads\/2025\/04\/Ostern-in-Pink-1024x479.jpg 1024w, https:\/\/boutique-brochet.ch\/wp-content\/uploads\/2025\/04\/Ostern-in-Pink-300x140.jpg 300w, https:\/\/boutique-brochet.ch\/wp-content\/uploads\/2025\/04\/Ostern-in-Pink-768x359.jpg 768w, https:\/\/boutique-brochet.ch\/wp-content\/uploads\/2025\/04\/Ostern-in-Pink-1536x718.jpg 1536w, https:\/\/boutique-brochet.ch\/wp-content\/uploads\/2025\/04\/Ostern-in-Pink-416x195.jpg 416w, https:\/\/boutique-brochet.ch\/wp-content\/uploads\/2025\/04\/Ostern-in-Pink.jpg 2036w\" sizes=\"(max-width: 1024px) 100vw, 1024px\" \/><\/figure>\n\n\n\n<p>Feiern Sie dieses Jahr das Oster Fest ganz in Pink! Stellen Sie Ihre eigene Auswahl zusammen, mit Teilen aus den Vorjahren zu stark reduzierten Preisen und den soeben eingetroffenen Neuheiten Fr\u00fchjahr 2025 von Piu &amp; Piu.<\/p>\n\n\n\n<p>Begr\u00fcssen wir den Fr\u00fchling, geniessen Sie die Sonne und feiern fr\u00f6hliche Ostern!<\/p>\n\n\n\n<p><\/p>\n","protected":false},"excerpt":{"rendered":"<p>Feiern Sie dieses Jahr das Oster Fest ganz in Pink! Stellen Sie Ihre eigene Auswahl zusammen, mit Teilen aus den Vorjahren zu stark reduzierten Preisen und den soeben eingetroffenen Neuheiten Fr\u00fchjahr 2025 von Piu &amp; Piu. Begr\u00fcssen wir den Fr\u00fchling, geniessen Sie die Sonne und feiern fr\u00f6hliche Ostern!<\/p>\n","protected":false},"author":1,"featured_media":0,"comment_status":"open","ping_status":"open","sticky":false,"template":"","format":"standard","meta":{"footnotes":""},"categories":[1],"tags":[],"class_list":["post-9939","post","type-post","status-publish","format-standard","hentry","category-news"],"jetpack_featured_media_url":"","yoast_head":"<!-- This site is optimized with the Yoast SEO plugin v15.5 - https:\/\/yoast.com\/wordpress\/plugins\/seo\/ -->\n<title>F\u00fcr ein Oster Fest ganz in Pink - Boutique Brochet Walk-in Wardrobe<\/title>\n<meta name=\"robots\" content=\"index, follow, max-snippet:-1, max-image-preview:large, max-video-preview:-1\" \/>\n<link rel=\"canonical\" href=\"https:\/\/boutique-brochet.ch\/?p=9939\" \/>\n<meta property=\"og:locale\" content=\"de_DE\" \/>\n<meta property=\"og:type\" content=\"article\" \/>\n<meta property=\"og:title\" content=\"F\u00fcr ein Oster Fest ganz in Pink - Boutique Brochet Walk-in Wardrobe\" \/>\n<meta property=\"og:description\" content=\"Feiern Sie dieses Jahr das Oster Fest ganz in Pink! Stellen Sie Ihre eigene Auswahl zusammen, mit Teilen aus den Vorjahren zu stark reduzierten Preisen und den soeben eingetroffenen Neuheiten Fr\u00fchjahr 2025 von Piu &amp; Piu. Begr\u00fcssen wir den Fr\u00fchling, geniessen Sie die Sonne und feiern fr\u00f6hliche Ostern!\" \/>\n<meta property=\"og:url\" content=\"https:\/\/boutique-brochet.ch\/?p=9939\" \/>\n<meta property=\"og:site_name\" content=\"Boutique Brochet Walk-in Wardrobe\" \/>\n<meta property=\"article:published_time\" content=\"2025-04-06T07:06:46+00:00\" \/>\n<meta property=\"article:modified_time\" content=\"2025-04-06T07:06:49+00:00\" \/>\n<meta property=\"og:image\" content=\"https:\/\/boutique-brochet.ch\/wp-content\/uploads\/2025\/04\/Ostern-in-Pink-1024x479.jpg\" \/>\n<meta name=\"twitter:card\" content=\"summary_large_image\" \/>\n<meta name=\"twitter:label1\" content=\"Gesch\u00e4tzte Lesezeit\">\n\t<meta name=\"twitter:data1\" content=\"0\u00a0Minuten\">\n<script type=\"application\/ld+json\" class=\"yoast-schema-graph\">{\"@context\":\"https:\/\/schema.org\",\"@graph\":[{\"@type\":\"WebSite\",\"@id\":\"https:\/\/boutique-brochet.ch\/#website\",\"url\":\"https:\/\/boutique-brochet.ch\/\",\"name\":\"Boutique Brochet Walk-in Wardrobe\",\"description\":\"vom Hechtplatz zum Klusplatz - info(at)boutique-brochet.ch\",\"potentialAction\":[{\"@type\":\"SearchAction\",\"target\":\"https:\/\/boutique-brochet.ch\/?s={search_term_string}\",\"query-input\":\"required name=search_term_string\"}],\"inLanguage\":\"de\"},{\"@type\":\"ImageObject\",\"@id\":\"https:\/\/boutique-brochet.ch\/?p=9939#primaryimage\",\"inLanguage\":\"de\",\"url\":\"https:\/\/boutique-brochet.ch\/wp-content\/uploads\/2025\/04\/Ostern-in-Pink.jpg\",\"width\":2036,\"height\":952},{\"@type\":\"WebPage\",\"@id\":\"https:\/\/boutique-brochet.ch\/?p=9939#webpage\",\"url\":\"https:\/\/boutique-brochet.ch\/?p=9939\",\"name\":\"F\\u00fcr ein Oster Fest ganz in Pink - Boutique Brochet Walk-in Wardrobe\",\"isPartOf\":{\"@id\":\"https:\/\/boutique-brochet.ch\/#website\"},\"primaryImageOfPage\":{\"@id\":\"https:\/\/boutique-brochet.ch\/?p=9939#primaryimage\"},\"datePublished\":\"2025-04-06T07:06:46+00:00\",\"dateModified\":\"2025-04-06T07:06:49+00:00\",\"author\":{\"@id\":\"https:\/\/boutique-brochet.ch\/#\/schema\/person\/67ec350bed6af06cedd6ce8855784d16\"},\"inLanguage\":\"de\",\"potentialAction\":[{\"@type\":\"ReadAction\",\"target\":[\"https:\/\/boutique-brochet.ch\/?p=9939\"]}]},{\"@type\":\"Person\",\"@id\":\"https:\/\/boutique-brochet.ch\/#\/schema\/person\/67ec350bed6af06cedd6ce8855784d16\",\"name\":\"admin\",\"image\":{\"@type\":\"ImageObject\",\"@id\":\"https:\/\/boutique-brochet.ch\/#personlogo\",\"inLanguage\":\"de\",\"url\":\"https:\/\/secure.gravatar.com\/avatar\/eafbd83b9328a38dae710fd8f1092e31?s=96&d=mm&r=g\",\"caption\":\"admin\"},\"sameAs\":[\"https:\/\/boutique-brochet.ch\"]}]}<\/script>\n<!-- \/ Yoast SEO plugin. -->","_links":{"self":[{"href":"https:\/\/boutique-brochet.ch\/index.php?rest_route=\/wp\/v2\/posts\/9939"}],"collection":[{"href":"https:\/\/boutique-brochet.ch\/index.php?rest_route=\/wp\/v2\/posts"}],"about":[{"href":"https:\/\/boutique-brochet.ch\/index.php?rest_route=\/wp\/v2\/types\/post"}],"author":[{"embeddable":true,"href":"https:\/\/boutique-brochet.ch\/index.php?rest_route=\/wp\/v2\/users\/1"}],"replies":[{"embeddable":true,"href":"https:\/\/boutique-brochet.ch\/index.php?rest_route=%2Fwp%2Fv2%2Fcomments&post=9939"}],"version-history":[{"count":2,"href":"https:\/\/boutique-brochet.ch\/index.php?rest_route=\/wp\/v2\/posts\/9939\/revisions"}],"predecessor-version":[{"id":9941,"href":"https:\/\/boutique-brochet.ch\/index.php?rest_route=\/wp\/v2\/posts\/9939\/revisions\/9941"}],"wp:attachment":[{"href":"https:\/\/boutique-brochet.ch\/index.php?rest_route=%2Fwp%2Fv2%2Fmedia&parent=9939"}],"wp:term":[{"taxonomy":"category","embeddable":true,"href":"https:\/\/boutique-brochet.ch\/index.php?rest_route=%2Fwp%2Fv2%2Fcategories&post=9939"},{"taxonomy":"post_tag","embeddable":true,"href":"https:\/\/boutique-brochet.ch\/index.php?rest_route=%2Fwp%2Fv2%2Ftags&post=9939"}],"curies":[{"name":"wp","href":"https:\/\/api.w.org\/{rel}","templated":true}]}}